{"id":9629,"date":"2020-04-12T18:02:00","date_gmt":"2020-04-12T16:02:00","guid":{"rendered":"https:\/\/zkn-verein.de\/?p=9629"},"modified":"2023-11-05T09:25:01","modified_gmt":"2023-11-05T08:25:01","slug":"report-activities-and-projects-of-the-institution-for-year-2019","status":"publish","type":"post","link":"https:\/\/zkn-verein.de\/ar\/report-activities-and-projects-of-the-institution-for-year-2019\/","title":{"rendered":"\u062a\u0642\u0631\u064a\u0631 \u0623\u0646\u0634\u0637\u0629 \u0648\u0645\u0634\u0627\u0631\u064a\u0639 \u0627\u0644\u0645\u0624\u0633\u0633\u0629 \u0644\u0639\u0627\u0645 2019"},"content":{"rendered":"<p><strong>Der Satzungszweck <\/strong>(laut Feststellungsbescheid vom 26.03.2019 und Satzung vom 11.02.2019)<\/p>\n<p><span style=\"color: #000000;\"><strong>wurde im Berichtszeitraum 2019 wie folgt verwirklicht:<\/strong><\/span><\/p>\n<table width=\"796\">\n<tbody>\n<tr>\n<td width=\"123\"><span style=\"color: #993300;\"><strong>Satzungszweck<\/strong><\/span><\/td>\n<td width=\"208\"><span style=\"color: #993300;\"><strong>Projekte, Vereinsaktivit\u00e4ten<\/strong><\/span><\/td>\n<td width=\"466\"><span style=\"color: #993300;\"><strong>Art, Umfang<\/strong><\/span><\/td>\n<\/tr>\n<tr>\n<td width=\"123\"><strong><u>Hilfe f\u00fcr Katastrophen- und Zivilschutz<\/u><\/strong><strong><u>\u00a0<\/u><\/strong><\/td>\n<td width=\"208\">Medizinische Hilfe f\u00fcr kranke Kinder und bed\u00fcrftige Patienten<\/td>\n<td width=\"466\">Projekt-Datum: 25 &#8211; 26.07.2019.Die medizinische Kampagne zur Bek\u00e4mpfung des Dengue-Fiebers wurde im Gesundheitszentrum in Tihama im Gouvernement AlHudaida im Jemen durchgef\u00fchrt. Die Kampagne umfasste medizinische Versorgung und die Verteilung kostenloser Behandlungen an Patienten, insbesondere an Kinder (~100 Patienten).<\/td>\n<\/tr>\n<tr>\n<td width=\"123\"><strong><u>\u00a0<\/u><\/strong><\/td>\n<td width=\"208\">Winterhilfe\/Winterkleidung im Jemen<\/td>\n<td width=\"466\">Projekt-Datum: 22-24.12.2019.Das Projekt wurde in den Gouvernements Raymah und Dhamar im Jemen umgesetzt. Die Winterhilfe umfasst Decken, Matratzen sowie Jacken\/sonstige Kleidung. Die Hilfe umfasste 65 obdachlose und bed\u00fcrftige Kinder.<\/td>\n<\/tr>\n<tr>\n<td width=\"123\"><strong><u>Hilfe zur Bek\u00e4mpfung von Armut und Hungersnot<\/u><\/strong><\/td>\n<td width=\"208\">Verteilung von Fleisch f\u00fcr bed\u00fcrftige Familien im Jemen<\/td>\n<td width=\"466\">Projekt-Datum: 10.08.2019 \u2013 10.09.2019.Das Projekt wurde im Gouvernement Dhamar, Jemen umgesetzt. Es wurde Fleisch von 60 Opfertieren (Schaf) verteilt und umfasste 240 arme und bed\u00fcrftige Familien mit Kindern.<\/td>\n<\/tr>\n<\/tbody>\n<\/table>\n<h3><span style=\"color: #993300;\"><strong>Medizinische Hilfe f\u00fcr kranke Kinder und bed\u00fcrftige<\/strong><strong> Patienten:<\/strong><\/span><\/h3>\n<p><img loading=\"lazy\" decoding=\"async\" class=\"aligncenter wp-image-9553 \" src=\"https:\/\/zkn-verein.de\/wp-content\/uploads\/2022\/04\/1.jpg\" alt=\"\" width=\"612\" height=\"702\" srcset=\"https:\/\/zkn-verein.de\/wp-content\/uploads\/2022\/04\/1.jpg 700w, https:\/\/zkn-verein.de\/wp-content\/uploads\/2022\/04\/1-262x300.jpg 262w\" sizes=\"auto, (max-width: 612px) 100vw, 612px\" \/> <span style=\"color: #993300;\"><img loading=\"lazy\" decoding=\"async\" class=\"aligncenter wp-image-9555 \" src=\"https:\/\/zkn-verein.de\/wp-content\/uploads\/2022\/04\/2.jpg\" alt=\"\" width=\"644\" height=\"690\" srcset=\"https:\/\/zkn-verein.de\/wp-content\/uploads\/2022\/04\/2.jpg 800w, https:\/\/zkn-verein.de\/wp-content\/uploads\/2022\/04\/2-280x300.jpg 280w, https:\/\/zkn-verein.de\/wp-content\/uploads\/2022\/04\/2-768x823.jpg 768w\" sizes=\"auto, (max-width: 644px) 100vw, 644px\" \/><\/span><\/p>\n<h3><span style=\"color: #993300;\"><strong>Verteilung von Opferfleisch f\u00fcr bed\u00fcrftige Familien im Jemen<\/strong>:<\/span><\/h3>\n<p><img loading=\"lazy\" decoding=\"async\" class=\"aligncenter wp-image-9557 \" src=\"https:\/\/zkn-verein.de\/wp-content\/uploads\/2022\/04\/3-1024x816.jpg\" alt=\"\" width=\"604\" height=\"481\" srcset=\"https:\/\/zkn-verein.de\/wp-content\/uploads\/2022\/04\/3-1024x816.jpg 1024w, https:\/\/zkn-verein.de\/wp-content\/uploads\/2022\/04\/3-300x239.jpg 300w, https:\/\/zkn-verein.de\/wp-content\/uploads\/2022\/04\/3-768x612.jpg 768w, https:\/\/zkn-verein.de\/wp-content\/uploads\/2022\/04\/3-1536x1224.jpg 1536w, https:\/\/zkn-verein.de\/wp-content\/uploads\/2022\/04\/3.jpg 1600w\" sizes=\"auto, (max-width: 604px) 100vw, 604px\" \/> <img loading=\"lazy\" decoding=\"async\" class=\"aligncenter wp-image-9559 size-large\" src=\"https:\/\/zkn-verein.de\/wp-content\/uploads\/2022\/04\/4-1024x325.jpg\" alt=\"\" width=\"1024\" height=\"325\" srcset=\"https:\/\/zkn-verein.de\/wp-content\/uploads\/2022\/04\/4-1024x325.jpg 1024w, https:\/\/zkn-verein.de\/wp-content\/uploads\/2022\/04\/4-300x95.jpg 300w, https:\/\/zkn-verein.de\/wp-content\/uploads\/2022\/04\/4-768x244.jpg 768w, https:\/\/zkn-verein.de\/wp-content\/uploads\/2022\/04\/4.jpg 1220w\" sizes=\"auto, (max-width: 1024px) 100vw, 1024px\" \/><\/p>\n<h3><span style=\"color: #993300;\"><strong>Winterhilfe\/Winterkleidung im Jemen<\/strong><strong>:<\/strong><\/span><\/h3>\n<p><img loading=\"lazy\" decoding=\"async\" class=\"aligncenter wp-image-9561 \" src=\"https:\/\/zkn-verein.de\/wp-content\/uploads\/2022\/04\/5.jpg\" alt=\"\" width=\"731\" height=\"470\" srcset=\"https:\/\/zkn-verein.de\/wp-content\/uploads\/2022\/04\/5.jpg 795w, https:\/\/zkn-verein.de\/wp-content\/uploads\/2022\/04\/5-300x193.jpg 300w, https:\/\/zkn-verein.de\/wp-content\/uploads\/2022\/04\/5-768x494.jpg 768w\" sizes=\"auto, (max-width: 731px) 100vw, 731px\" \/> <img loading=\"lazy\" decoding=\"async\" class=\"aligncenter wp-image-9563 \" src=\"https:\/\/zkn-verein.de\/wp-content\/uploads\/2022\/04\/6.jpg\" alt=\"\" width=\"698\" height=\"452\" srcset=\"https:\/\/zkn-verein.de\/wp-content\/uploads\/2022\/04\/6.jpg 902w, https:\/\/zkn-verein.de\/wp-content\/uploads\/2022\/04\/6-300x194.jpg 300w, https:\/\/zkn-verein.de\/wp-content\/uploads\/2022\/04\/6-768x497.jpg 768w\" sizes=\"auto, (max-width: 698px) 100vw, 698px\" \/><\/p>\n","protected":false},"excerpt":{"rendered":"<p>Der Satzungszweck (laut Feststellungsbescheid vom 26.03.2019 und Satzung vom 11.02.2019) wurde im Berichtszeitraum 2019 wie folgt verwirklicht: Satzungszweck Projekte, Vereinsaktivit\u00e4ten Art, Umfang Hilfe f\u00fcr Katastrophen- und Zivilschutz\u00a0 Medizinische Hilfe f\u00fcr kranke Kinder und bed\u00fcrftige Patienten Projekt-Datum: 25 &#8211; 26.07.2019.Die medizinische Kampagne zur Bek\u00e4mpfung des Dengue-Fiebers wurde im Gesundheitszentrum in Tihama im Gouvernement AlHudaida im Jemen &hellip;<\/p>\n","protected":false},"author":1,"featured_media":14908,"comment_status":"open","ping_status":"open","sticky":false,"template":"","format":"standard","meta":{"footnotes":""},"categories":[1154],"tags":[],"class_list":["post-9629","post","type-post","status-publish","format-standard","has-post-thumbnail","hentry","category-taetigkeitsberichte-ar"],"yoast_head":"<!-- This site is optimized with the Yoast SEO plugin v21.5 - https:\/\/yoast.com\/wordpress\/plugins\/seo\/ -->\n<title>\u062a\u0642\u0631\u064a\u0631 \u0623\u0646\u0634\u0637\u0629 \u0648\u0645\u0634\u0627\u0631\u064a\u0639 \u0627\u0644\u0645\u0624\u0633\u0633\u0629 \u0644\u0639\u0627\u0645 2019 - Zusammen f\u00fcr Kinder in Not e.V.<\/title>\n<meta name=\"robots\" content=\"index, follow, max-snippet:-1, max-image-preview:large, max-video-preview:-1\" \/>\n<link rel=\"canonical\" href=\"https:\/\/zkn-verein.de\/ar\/report-activities-and-projects-of-the-institution-for-year-2019\/\" \/>\n<meta property=\"og:locale\" content=\"ar_AR\" \/>\n<meta property=\"og:type\" content=\"article\" \/>\n<meta property=\"og:title\" content=\"\u062a\u0642\u0631\u064a\u0631 \u0623\u0646\u0634\u0637\u0629 \u0648\u0645\u0634\u0627\u0631\u064a\u0639 \u0627\u0644\u0645\u0624\u0633\u0633\u0629 \u0644\u0639\u0627\u0645 2019 - Zusammen f\u00fcr Kinder in Not e.V.\" \/>\n<meta property=\"og:description\" content=\"Der Satzungszweck (laut Feststellungsbescheid vom 26.03.2019 und Satzung vom 11.02.2019) wurde im Berichtszeitraum 2019 wie folgt verwirklicht: Satzungszweck Projekte, Vereinsaktivit\u00e4ten Art, Umfang Hilfe f\u00fcr Katastrophen- und Zivilschutz\u00a0 Medizinische Hilfe f\u00fcr kranke Kinder und bed\u00fcrftige Patienten Projekt-Datum: 25 &#8211; 26.07.2019.Die medizinische Kampagne zur Bek\u00e4mpfung des Dengue-Fiebers wurde im Gesundheitszentrum in Tihama im Gouvernement AlHudaida im Jemen &hellip;\" \/>\n<meta property=\"og:url\" content=\"https:\/\/zkn-verein.de\/ar\/report-activities-and-projects-of-the-institution-for-year-2019\/\" \/>\n<meta property=\"og:site_name\" content=\"Zusammen f\u00fcr Kinder in Not e.V.\" \/>\n<meta property=\"article:published_time\" content=\"2020-04-12T16:02:00+00:00\" \/>\n<meta property=\"article:modified_time\" content=\"2023-11-05T08:25:01+00:00\" \/>\n<meta property=\"og:image\" content=\"https:\/\/zkn-verein.de\/wp-content\/uploads\/2020\/04\/2019.jpg\" \/>\n\t<meta property=\"og:image:width\" content=\"1552\" \/>\n\t<meta property=\"og:image:height\" content=\"1180\" \/>\n\t<meta property=\"og:image:type\" content=\"image\/jpeg\" \/>\n<meta name=\"author\" content=\"falansy\" \/>\n<meta name=\"twitter:card\" content=\"summary_large_image\" \/>\n<meta name=\"twitter:label1\" content=\"\u0643\u064f\u062a\u0628 \u0628\u0648\u0627\u0633\u0637\u0629\" \/>\n\t<meta name=\"twitter:data1\" content=\"falansy\" \/>\n\t<meta name=\"twitter:label2\" content=\"\u0648\u0642\u062a \u0627\u0644\u0642\u0631\u0627\u0621\u0629 \u0627\u0644\u0645\u064f\u0642\u062f\u0651\u0631\" \/>\n\t<meta name=\"twitter:data2\" content=\"3 \u062f\u0642\u0627\u0626\u0642\" \/>\n<script type=\"application\/ld+json\" class=\"yoast-schema-graph\">{\"@context\":\"https:\/\/schema.org\",\"@graph\":[{\"@type\":\"WebPage\",\"@id\":\"https:\/\/zkn-verein.de\/ar\/report-activities-and-projects-of-the-institution-for-year-2019\/\",\"url\":\"https:\/\/zkn-verein.de\/ar\/report-activities-and-projects-of-the-institution-for-year-2019\/\",\"name\":\"\u062a\u0642\u0631\u064a\u0631 \u0623\u0646\u0634\u0637\u0629 \u0648\u0645\u0634\u0627\u0631\u064a\u0639 \u0627\u0644\u0645\u0624\u0633\u0633\u0629 \u0644\u0639\u0627\u0645 2019 - Zusammen f\u00fcr Kinder in Not e.V.\",\"isPartOf\":{\"@id\":\"https:\/\/zkn-verein.de\/#website\"},\"datePublished\":\"2020-04-12T16:02:00+00:00\",\"dateModified\":\"2023-11-05T08:25:01+00:00\",\"author\":{\"@id\":\"https:\/\/zkn-verein.de\/#\/schema\/person\/439ff8893bb5288a3d71ef2edb3f92b6\"},\"inLanguage\":\"ar\",\"potentialAction\":[{\"@type\":\"ReadAction\",\"target\":[\"https:\/\/zkn-verein.de\/ar\/report-activities-and-projects-of-the-institution-for-year-2019\/\"]}]},{\"@type\":\"WebSite\",\"@id\":\"https:\/\/zkn-verein.de\/#website\",\"url\":\"https:\/\/zkn-verein.de\/\",\"name\":\"Zusammen f\u00fcr Kinder in Not e.V.\",\"description\":\"Zusammen f\u00fcr Kinder in Not e.V.\u201c, abgek\u00fcrzt: ZKN. Er hat den Sitz in Bonn \u2013 NRW- Deutschlad.  Der Verein setzt sich f\u00fcr bed\u00fcrftige und notleidende Kinder und Menschen weltweit, insbesondere in Entwicklungs- und Schwellenl\u00e4ndern sowie in Kriegs- und Krisengebieten. Der Verein ist konfessionell und politisch neutral. Die F\u00f6rderung ist nicht auf bestimmte L\u00e4nder oder Konfessionen beschr\u00e4nkt.\",\"potentialAction\":[{\"@type\":\"SearchAction\",\"target\":{\"@type\":\"EntryPoint\",\"urlTemplate\":\"https:\/\/zkn-verein.de\/?s={search_term_string}\"},\"query-input\":\"required name=search_term_string\"}],\"inLanguage\":\"ar\"},{\"@type\":\"Person\",\"@id\":\"https:\/\/zkn-verein.de\/#\/schema\/person\/439ff8893bb5288a3d71ef2edb3f92b6\",\"name\":\"falansy\",\"image\":{\"@type\":\"ImageObject\",\"inLanguage\":\"ar\",\"@id\":\"https:\/\/zkn-verein.de\/#\/schema\/person\/image\/\",\"url\":\"https:\/\/secure.gravatar.com\/avatar\/49def96419d60da061d6ae3edac96497?s=96&d=mm&r=g\",\"contentUrl\":\"https:\/\/secure.gravatar.com\/avatar\/49def96419d60da061d6ae3edac96497?s=96&d=mm&r=g\",\"caption\":\"falansy\"},\"sameAs\":[\"https:\/\/zkn-verein.de\"],\"url\":\"https:\/\/zkn-verein.de\/ar\/author\/falansy\/\"}]}<\/script>\n<!-- \/ Yoast SEO plugin. -->","yoast_head_json":{"title":"\u062a\u0642\u0631\u064a\u0631 \u0623\u0646\u0634\u0637\u0629 \u0648\u0645\u0634\u0627\u0631\u064a\u0639 \u0627\u0644\u0645\u0624\u0633\u0633\u0629 \u0644\u0639\u0627\u0645 2019 - Zusammen f\u00fcr Kinder in Not e.V.","robots":{"index":"index","follow":"follow","max-snippet":"max-snippet:-1","max-image-preview":"max-image-preview:large","max-video-preview":"max-video-preview:-1"},"canonical":"https:\/\/zkn-verein.de\/ar\/report-activities-and-projects-of-the-institution-for-year-2019\/","og_locale":"ar_AR","og_type":"article","og_title":"\u062a\u0642\u0631\u064a\u0631 \u0623\u0646\u0634\u0637\u0629 \u0648\u0645\u0634\u0627\u0631\u064a\u0639 \u0627\u0644\u0645\u0624\u0633\u0633\u0629 \u0644\u0639\u0627\u0645 2019 - Zusammen f\u00fcr Kinder in Not e.V.","og_description":"Der Satzungszweck (laut Feststellungsbescheid vom 26.03.2019 und Satzung vom 11.02.2019) wurde im Berichtszeitraum 2019 wie folgt verwirklicht: Satzungszweck Projekte, Vereinsaktivit\u00e4ten Art, Umfang Hilfe f\u00fcr Katastrophen- und Zivilschutz\u00a0 Medizinische Hilfe f\u00fcr kranke Kinder und bed\u00fcrftige Patienten Projekt-Datum: 25 &#8211; 26.07.2019.Die medizinische Kampagne zur Bek\u00e4mpfung des Dengue-Fiebers wurde im Gesundheitszentrum in Tihama im Gouvernement AlHudaida im Jemen &hellip;","og_url":"https:\/\/zkn-verein.de\/ar\/report-activities-and-projects-of-the-institution-for-year-2019\/","og_site_name":"Zusammen f\u00fcr Kinder in Not e.V.","article_published_time":"2020-04-12T16:02:00+00:00","article_modified_time":"2023-11-05T08:25:01+00:00","og_image":[{"width":1552,"height":1180,"url":"https:\/\/zkn-verein.de\/wp-content\/uploads\/2020\/04\/2019.jpg","type":"image\/jpeg"}],"author":"falansy","twitter_card":"summary_large_image","twitter_misc":{"\u0643\u064f\u062a\u0628 \u0628\u0648\u0627\u0633\u0637\u0629":"falansy","\u0648\u0642\u062a \u0627\u0644\u0642\u0631\u0627\u0621\u0629 \u0627\u0644\u0645\u064f\u0642\u062f\u0651\u0631":"3 \u062f\u0642\u0627\u0626\u0642"},"schema":{"@context":"https:\/\/schema.org","@graph":[{"@type":"WebPage","@id":"https:\/\/zkn-verein.de\/ar\/report-activities-and-projects-of-the-institution-for-year-2019\/","url":"https:\/\/zkn-verein.de\/ar\/report-activities-and-projects-of-the-institution-for-year-2019\/","name":"\u062a\u0642\u0631\u064a\u0631 \u0623\u0646\u0634\u0637\u0629 \u0648\u0645\u0634\u0627\u0631\u064a\u0639 \u0627\u0644\u0645\u0624\u0633\u0633\u0629 \u0644\u0639\u0627\u0645 2019 - Zusammen f\u00fcr Kinder in Not e.V.","isPartOf":{"@id":"https:\/\/zkn-verein.de\/#website"},"datePublished":"2020-04-12T16:02:00+00:00","dateModified":"2023-11-05T08:25:01+00:00","author":{"@id":"https:\/\/zkn-verein.de\/#\/schema\/person\/439ff8893bb5288a3d71ef2edb3f92b6"},"inLanguage":"ar","potentialAction":[{"@type":"ReadAction","target":["https:\/\/zkn-verein.de\/ar\/report-activities-and-projects-of-the-institution-for-year-2019\/"]}]},{"@type":"WebSite","@id":"https:\/\/zkn-verein.de\/#website","url":"https:\/\/zkn-verein.de\/","name":"Zusammen f\u00fcr Kinder in Not e.V.","description":"Zusammen f\u00fcr Kinder in Not e.V.\u201c, abgek\u00fcrzt: ZKN. Er hat den Sitz in Bonn \u2013 NRW- Deutschlad.  Der Verein setzt sich f\u00fcr bed\u00fcrftige und notleidende Kinder und Menschen weltweit, insbesondere in Entwicklungs- und Schwellenl\u00e4ndern sowie in Kriegs- und Krisengebieten. Der Verein ist konfessionell und politisch neutral. Die F\u00f6rderung ist nicht auf bestimmte L\u00e4nder oder Konfessionen beschr\u00e4nkt.","potentialAction":[{"@type":"SearchAction","target":{"@type":"EntryPoint","urlTemplate":"https:\/\/zkn-verein.de\/?s={search_term_string}"},"query-input":"required name=search_term_string"}],"inLanguage":"ar"},{"@type":"Person","@id":"https:\/\/zkn-verein.de\/#\/schema\/person\/439ff8893bb5288a3d71ef2edb3f92b6","name":"falansy","image":{"@type":"ImageObject","inLanguage":"ar","@id":"https:\/\/zkn-verein.de\/#\/schema\/person\/image\/","url":"https:\/\/secure.gravatar.com\/avatar\/49def96419d60da061d6ae3edac96497?s=96&d=mm&r=g","contentUrl":"https:\/\/secure.gravatar.com\/avatar\/49def96419d60da061d6ae3edac96497?s=96&d=mm&r=g","caption":"falansy"},"sameAs":["https:\/\/zkn-verein.de"],"url":"https:\/\/zkn-verein.de\/ar\/author\/falansy\/"}]}},"_links":{"self":[{"href":"https:\/\/zkn-verein.de\/ar\/wp-json\/wp\/v2\/posts\/9629","targetHints":{"allow":["GET"]}}],"collection":[{"href":"https:\/\/zkn-verein.de\/ar\/wp-json\/wp\/v2\/posts"}],"about":[{"href":"https:\/\/zkn-verein.de\/ar\/wp-json\/wp\/v2\/types\/post"}],"author":[{"embeddable":true,"href":"https:\/\/zkn-verein.de\/ar\/wp-json\/wp\/v2\/users\/1"}],"replies":[{"embeddable":true,"href":"https:\/\/zkn-verein.de\/ar\/wp-json\/wp\/v2\/comments?post=9629"}],"version-history":[{"count":1,"href":"https:\/\/zkn-verein.de\/ar\/wp-json\/wp\/v2\/posts\/9629\/revisions"}],"predecessor-version":[{"id":14911,"href":"https:\/\/zkn-verein.de\/ar\/wp-json\/wp\/v2\/posts\/9629\/revisions\/14911"}],"wp:featuredmedia":[{"embeddable":true,"href":"https:\/\/zkn-verein.de\/ar\/wp-json\/wp\/v2\/media\/14908"}],"wp:attachment":[{"href":"https:\/\/zkn-verein.de\/ar\/wp-json\/wp\/v2\/media?parent=9629"}],"wp:term":[{"taxonomy":"category","embeddable":true,"href":"https:\/\/zkn-verein.de\/ar\/wp-json\/wp\/v2\/categories?post=9629"},{"taxonomy":"post_tag","embeddable":true,"href":"https:\/\/zkn-verein.de\/ar\/wp-json\/wp\/v2\/tags?post=9629"}],"curies":[{"name":"wp","href":"https:\/\/api.w.org\/{rel}","templated":true}]}}