{"id":9222,"date":"2022-03-19T08:45:51","date_gmt":"2022-03-19T07:45:51","guid":{"rendered":"https:\/\/zkn-verein.de\/?p=9222"},"modified":"2023-11-26T11:33:35","modified_gmt":"2023-11-26T10:33:35","slug":"anti-coronavirus-kampagne","status":"publish","type":"post","link":"https:\/\/zkn-verein.de\/ar\/anti-coronavirus-kampagne\/","title":{"rendered":"\u062d\u0645\u0644\u0629 \u0645\u0643\u0627\u0641\u062d\u0629 \u0641\u064a\u0631\u0648\u0633 \u0643\u0648\u0631\u0648\u0646\u0627"},"content":{"rendered":"<div class=\"translate-tooltip-mtz hidden\">\n<div class=\"translated-text\">\n<h1 class=\"sentences\">Eine Kampagne zur Begrenzung der Verbreitung des Corona-Virus im Jemen<\/h1>\n<\/div>\n<\/div>\n<div class=\"translate-tooltip-mtz hidden\">\n<div class=\"translated-text\">\n<h1 class=\"sentences\">\u062d\u0645\u0644\u0629 \u0644\u0644\u062d\u062f \u0645\u0646 \u0627\u0646\u062a\u0634\u0627\u0631 \u0641\u064a\u0631\u0648\u0633 \u0643\u0648\u0631\u0648\u0646\u0627 \u0641\u064a \u0627\u0644\u064a\u0645\u0646<\/h1>\n<\/div>\n<\/div>\n<h2 class=\"sentences\" style=\"text-align: right;\">\u062d\u0645\u0644\u0629 \u0644\u0644\u062d\u062f \u0645\u0646 \u0627\u0646\u062a\u0634\u0627\u0631 \u0641\u064a\u0631\u0648\u0633 \u0643\u0648\u0631\u0648\u0646\u0627 \u0641\u064a \u0627\u0644\u064a\u0645\u0646<\/h2>\n<p><iframe loading=\"lazy\" title=\"\u062d\u0645\u0644\u0629 \u0645\u0643\u0627\u0641\u062d\u0629 \u062c\u0627\u0626\u062d\u0629 \u0643\u0648\u0631\u0648\u0646\u0627 \u0641\u064a \u0627\u0644\u064a\u0645\u0646 | Corona pandemic campaign in Yemen\" width=\"500\" height=\"281\" src=\"https:\/\/www.youtube.com\/embed\/KjHU4Fmy70A?feature=oembed\" frameborder=\"0\" allow=\"accelerometer; autoplay; clipboard-write; encrypted-media; gyroscope; picture-in-picture; web-share\" referrerpolicy=\"strict-origin-when-cross-origin\" allowfullscreen><\/iframe><\/p>\n<div class=\"wp-block-buttons aligncenter\"><\/div>\n<div class=\"wp-block-buttons aligncenter\">\n<div class=\"wp-block-buttons aligncenter\">\n<div class=\"wp-block-button\"><span style=\"color: #ffffff;\"><a class=\"wp-block-button__link has-background has-vivid-red-background-color\" style=\"color: #ffffff;\" href=\"https:\/\/www.paypal.com\/cgi-bin\/webscr?cmd=_s-xclick&amp;hosted_button_id=U5DTFQQDYQKSY&amp;source=url\" target=\"_blank\" rel=\"noreferrer noopener\"><strong>\u062a\u0628\u0631\u0639 \u0627\u0644\u0627\u0646 \u0628\u064a\u0648\u0631\u0648 \u0648\u0627\u062d\u062f \u0644\u062d\u0645\u0627\u064a\u0629 \u0627\u0637\u0641\u0627\u0644 \u0627\u0644\u064a\u0645\u0646<\/strong><\/a><\/span><\/div>\n<\/div>\n<h2 class=\"wp-block-button\"><strong>\u00a0<\/strong><\/h2>\n<\/div>\n","protected":false},"excerpt":{"rendered":"<p>Eine Kampagne zur Begrenzung der Verbreitung des Corona-Virus im Jemen \u062d\u0645\u0644\u0629 \u0644\u0644\u062d\u062f \u0645\u0646 \u0627\u0646\u062a\u0634\u0627\u0631 \u0641\u064a\u0631\u0648\u0633 \u0643\u0648\u0631\u0648\u0646\u0627 \u0641\u064a \u0627\u0644\u064a\u0645\u0646 \u062d\u0645\u0644\u0629 \u0644\u0644\u062d\u062f \u0645\u0646 \u0627\u0646\u062a\u0634\u0627\u0631 \u0641\u064a\u0631\u0648\u0633 \u0643\u0648\u0631\u0648\u0646\u0627 \u0641\u064a \u0627\u0644\u064a\u0645\u0646 \u062a\u0628\u0631\u0639 \u0627\u0644\u0627\u0646 \u0628\u064a\u0648\u0631\u0648 \u0648\u0627\u062d\u062f \u0644\u062d\u0645\u0627\u064a\u0629 \u0627\u0637\u0641\u0627\u0644 \u0627\u0644\u064a\u0645\u0646 \u00a0<\/p>\n","protected":false},"author":1,"featured_media":15568,"comment_status":"open","ping_status":"open","sticky":false,"template":"","format":"standard","meta":{"footnotes":""},"categories":[1147],"tags":[],"class_list":["post-9222","post","type-post","status-publish","format-standard","has-post-thumbnail","hentry","category-medizinische-lager"],"yoast_head":"<!-- This site is optimized with the Yoast SEO plugin v21.5 - https:\/\/yoast.com\/wordpress\/plugins\/seo\/ -->\n<title>\u062d\u0645\u0644\u0629 \u0645\u0643\u0627\u0641\u062d\u0629 \u0641\u064a\u0631\u0648\u0633 \u0643\u0648\u0631\u0648\u0646\u0627 - Zusammen f\u00fcr Kinder in Not e.V.<\/title>\n<meta name=\"robots\" content=\"index, follow, max-snippet:-1, max-image-preview:large, max-video-preview:-1\" \/>\n<link rel=\"canonical\" href=\"https:\/\/zkn-verein.de\/ar\/anti-coronavirus-kampagne\/\" \/>\n<meta property=\"og:locale\" content=\"ar_AR\" \/>\n<meta property=\"og:type\" content=\"article\" \/>\n<meta property=\"og:title\" content=\"\u062d\u0645\u0644\u0629 \u0645\u0643\u0627\u0641\u062d\u0629 \u0641\u064a\u0631\u0648\u0633 \u0643\u0648\u0631\u0648\u0646\u0627 - Zusammen f\u00fcr Kinder in Not e.V.\" \/>\n<meta property=\"og:description\" content=\"Eine Kampagne zur Begrenzung der Verbreitung des Corona-Virus im Jemen \u062d\u0645\u0644\u0629 \u0644\u0644\u062d\u062f \u0645\u0646 \u0627\u0646\u062a\u0634\u0627\u0631 \u0641\u064a\u0631\u0648\u0633 \u0643\u0648\u0631\u0648\u0646\u0627 \u0641\u064a \u0627\u0644\u064a\u0645\u0646 \u062d\u0645\u0644\u0629 \u0644\u0644\u062d\u062f \u0645\u0646 \u0627\u0646\u062a\u0634\u0627\u0631 \u0641\u064a\u0631\u0648\u0633 \u0643\u0648\u0631\u0648\u0646\u0627 \u0641\u064a \u0627\u0644\u064a\u0645\u0646 \u062a\u0628\u0631\u0639 \u0627\u0644\u0627\u0646 \u0628\u064a\u0648\u0631\u0648 \u0648\u0627\u062d\u062f \u0644\u062d\u0645\u0627\u064a\u0629 \u0627\u0637\u0641\u0627\u0644 \u0627\u0644\u064a\u0645\u0646 \u00a0\" \/>\n<meta property=\"og:url\" content=\"https:\/\/zkn-verein.de\/ar\/anti-coronavirus-kampagne\/\" \/>\n<meta property=\"og:site_name\" content=\"Zusammen f\u00fcr Kinder in Not e.V.\" \/>\n<meta property=\"article:published_time\" content=\"2022-03-19T07:45:51+00:00\" \/>\n<meta property=\"article:modified_time\" content=\"2023-11-26T10:33:35+00:00\" \/>\n<meta property=\"og:image\" content=\"https:\/\/zkn-verein.de\/wp-content\/uploads\/2022\/03\/394.jpg\" \/>\n\t<meta property=\"og:image:width\" content=\"394\" \/>\n\t<meta property=\"og:image:height\" content=\"295\" \/>\n\t<meta property=\"og:image:type\" content=\"image\/jpeg\" \/>\n<meta name=\"author\" content=\"falansy\" \/>\n<meta name=\"twitter:card\" content=\"summary_large_image\" \/>\n<meta name=\"twitter:label1\" content=\"\u0643\u064f\u062a\u0628 \u0628\u0648\u0627\u0633\u0637\u0629\" \/>\n\t<meta name=\"twitter:data1\" content=\"falansy\" \/>\n\t<meta name=\"twitter:label2\" content=\"\u0648\u0642\u062a \u0627\u0644\u0642\u0631\u0627\u0621\u0629 \u0627\u0644\u0645\u064f\u0642\u062f\u0651\u0631\" \/>\n\t<meta name=\"twitter:data2\" content=\"\u062f\u0642\u064a\u0642\u0629 \u0648\u0627\u062d\u062f\u0629\" \/>\n<script type=\"application\/ld+json\" class=\"yoast-schema-graph\">{\"@context\":\"https:\/\/schema.org\",\"@graph\":[{\"@type\":\"WebPage\",\"@id\":\"https:\/\/zkn-verein.de\/ar\/anti-coronavirus-kampagne\/\",\"url\":\"https:\/\/zkn-verein.de\/ar\/anti-coronavirus-kampagne\/\",\"name\":\"\u062d\u0645\u0644\u0629 \u0645\u0643\u0627\u0641\u062d\u0629 \u0641\u064a\u0631\u0648\u0633 \u0643\u0648\u0631\u0648\u0646\u0627 - Zusammen f\u00fcr Kinder in Not e.V.\",\"isPartOf\":{\"@id\":\"https:\/\/zkn-verein.de\/#website\"},\"datePublished\":\"2022-03-19T07:45:51+00:00\",\"dateModified\":\"2023-11-26T10:33:35+00:00\",\"author\":{\"@id\":\"https:\/\/zkn-verein.de\/#\/schema\/person\/439ff8893bb5288a3d71ef2edb3f92b6\"},\"inLanguage\":\"ar\",\"potentialAction\":[{\"@type\":\"ReadAction\",\"target\":[\"https:\/\/zkn-verein.de\/ar\/anti-coronavirus-kampagne\/\"]}]},{\"@type\":\"WebSite\",\"@id\":\"https:\/\/zkn-verein.de\/#website\",\"url\":\"https:\/\/zkn-verein.de\/\",\"name\":\"Zusammen f\u00fcr Kinder in Not e.V.\",\"description\":\"Zusammen f\u00fcr Kinder in Not e.V.\u201c, abgek\u00fcrzt: ZKN. Er hat den Sitz in Bonn \u2013 NRW- Deutschlad.  Der Verein setzt sich f\u00fcr bed\u00fcrftige und notleidende Kinder und Menschen weltweit, insbesondere in Entwicklungs- und Schwellenl\u00e4ndern sowie in Kriegs- und Krisengebieten. Der Verein ist konfessionell und politisch neutral. Die F\u00f6rderung ist nicht auf bestimmte L\u00e4nder oder Konfessionen beschr\u00e4nkt.\",\"potentialAction\":[{\"@type\":\"SearchAction\",\"target\":{\"@type\":\"EntryPoint\",\"urlTemplate\":\"https:\/\/zkn-verein.de\/?s={search_term_string}\"},\"query-input\":\"required name=search_term_string\"}],\"inLanguage\":\"ar\"},{\"@type\":\"Person\",\"@id\":\"https:\/\/zkn-verein.de\/#\/schema\/person\/439ff8893bb5288a3d71ef2edb3f92b6\",\"name\":\"falansy\",\"image\":{\"@type\":\"ImageObject\",\"inLanguage\":\"ar\",\"@id\":\"https:\/\/zkn-verein.de\/#\/schema\/person\/image\/\",\"url\":\"https:\/\/secure.gravatar.com\/avatar\/49def96419d60da061d6ae3edac96497?s=96&d=mm&r=g\",\"contentUrl\":\"https:\/\/secure.gravatar.com\/avatar\/49def96419d60da061d6ae3edac96497?s=96&d=mm&r=g\",\"caption\":\"falansy\"},\"sameAs\":[\"https:\/\/zkn-verein.de\"],\"url\":\"https:\/\/zkn-verein.de\/ar\/author\/falansy\/\"}]}<\/script>\n<!-- \/ Yoast SEO plugin. -->","yoast_head_json":{"title":"\u062d\u0645\u0644\u0629 \u0645\u0643\u0627\u0641\u062d\u0629 \u0641\u064a\u0631\u0648\u0633 \u0643\u0648\u0631\u0648\u0646\u0627 - Zusammen f\u00fcr Kinder in Not e.V.","robots":{"index":"index","follow":"follow","max-snippet":"max-snippet:-1","max-image-preview":"max-image-preview:large","max-video-preview":"max-video-preview:-1"},"canonical":"https:\/\/zkn-verein.de\/ar\/anti-coronavirus-kampagne\/","og_locale":"ar_AR","og_type":"article","og_title":"\u062d\u0645\u0644\u0629 \u0645\u0643\u0627\u0641\u062d\u0629 \u0641\u064a\u0631\u0648\u0633 \u0643\u0648\u0631\u0648\u0646\u0627 - Zusammen f\u00fcr Kinder in Not e.V.","og_description":"Eine Kampagne zur Begrenzung der Verbreitung des Corona-Virus im Jemen \u062d\u0645\u0644\u0629 \u0644\u0644\u062d\u062f \u0645\u0646 \u0627\u0646\u062a\u0634\u0627\u0631 \u0641\u064a\u0631\u0648\u0633 \u0643\u0648\u0631\u0648\u0646\u0627 \u0641\u064a \u0627\u0644\u064a\u0645\u0646 \u062d\u0645\u0644\u0629 \u0644\u0644\u062d\u062f \u0645\u0646 \u0627\u0646\u062a\u0634\u0627\u0631 \u0641\u064a\u0631\u0648\u0633 \u0643\u0648\u0631\u0648\u0646\u0627 \u0641\u064a \u0627\u0644\u064a\u0645\u0646 \u062a\u0628\u0631\u0639 \u0627\u0644\u0627\u0646 \u0628\u064a\u0648\u0631\u0648 \u0648\u0627\u062d\u062f \u0644\u062d\u0645\u0627\u064a\u0629 \u0627\u0637\u0641\u0627\u0644 \u0627\u0644\u064a\u0645\u0646 \u00a0","og_url":"https:\/\/zkn-verein.de\/ar\/anti-coronavirus-kampagne\/","og_site_name":"Zusammen f\u00fcr Kinder in Not e.V.","article_published_time":"2022-03-19T07:45:51+00:00","article_modified_time":"2023-11-26T10:33:35+00:00","og_image":[{"width":394,"height":295,"url":"https:\/\/zkn-verein.de\/wp-content\/uploads\/2022\/03\/394.jpg","type":"image\/jpeg"}],"author":"falansy","twitter_card":"summary_large_image","twitter_misc":{"\u0643\u064f\u062a\u0628 \u0628\u0648\u0627\u0633\u0637\u0629":"falansy","\u0648\u0642\u062a \u0627\u0644\u0642\u0631\u0627\u0621\u0629 \u0627\u0644\u0645\u064f\u0642\u062f\u0651\u0631":"\u062f\u0642\u064a\u0642\u0629 \u0648\u0627\u062d\u062f\u0629"},"schema":{"@context":"https:\/\/schema.org","@graph":[{"@type":"WebPage","@id":"https:\/\/zkn-verein.de\/ar\/anti-coronavirus-kampagne\/","url":"https:\/\/zkn-verein.de\/ar\/anti-coronavirus-kampagne\/","name":"\u062d\u0645\u0644\u0629 \u0645\u0643\u0627\u0641\u062d\u0629 \u0641\u064a\u0631\u0648\u0633 \u0643\u0648\u0631\u0648\u0646\u0627 - Zusammen f\u00fcr Kinder in Not e.V.","isPartOf":{"@id":"https:\/\/zkn-verein.de\/#website"},"datePublished":"2022-03-19T07:45:51+00:00","dateModified":"2023-11-26T10:33:35+00:00","author":{"@id":"https:\/\/zkn-verein.de\/#\/schema\/person\/439ff8893bb5288a3d71ef2edb3f92b6"},"inLanguage":"ar","potentialAction":[{"@type":"ReadAction","target":["https:\/\/zkn-verein.de\/ar\/anti-coronavirus-kampagne\/"]}]},{"@type":"WebSite","@id":"https:\/\/zkn-verein.de\/#website","url":"https:\/\/zkn-verein.de\/","name":"Zusammen f\u00fcr Kinder in Not e.V.","description":"Zusammen f\u00fcr Kinder in Not e.V.\u201c, abgek\u00fcrzt: ZKN. Er hat den Sitz in Bonn \u2013 NRW- Deutschlad.  Der Verein setzt sich f\u00fcr bed\u00fcrftige und notleidende Kinder und Menschen weltweit, insbesondere in Entwicklungs- und Schwellenl\u00e4ndern sowie in Kriegs- und Krisengebieten. Der Verein ist konfessionell und politisch neutral. Die F\u00f6rderung ist nicht auf bestimmte L\u00e4nder oder Konfessionen beschr\u00e4nkt.","potentialAction":[{"@type":"SearchAction","target":{"@type":"EntryPoint","urlTemplate":"https:\/\/zkn-verein.de\/?s={search_term_string}"},"query-input":"required name=search_term_string"}],"inLanguage":"ar"},{"@type":"Person","@id":"https:\/\/zkn-verein.de\/#\/schema\/person\/439ff8893bb5288a3d71ef2edb3f92b6","name":"falansy","image":{"@type":"ImageObject","inLanguage":"ar","@id":"https:\/\/zkn-verein.de\/#\/schema\/person\/image\/","url":"https:\/\/secure.gravatar.com\/avatar\/49def96419d60da061d6ae3edac96497?s=96&d=mm&r=g","contentUrl":"https:\/\/secure.gravatar.com\/avatar\/49def96419d60da061d6ae3edac96497?s=96&d=mm&r=g","caption":"falansy"},"sameAs":["https:\/\/zkn-verein.de"],"url":"https:\/\/zkn-verein.de\/ar\/author\/falansy\/"}]}},"_links":{"self":[{"href":"https:\/\/zkn-verein.de\/ar\/wp-json\/wp\/v2\/posts\/9222","targetHints":{"allow":["GET"]}}],"collection":[{"href":"https:\/\/zkn-verein.de\/ar\/wp-json\/wp\/v2\/posts"}],"about":[{"href":"https:\/\/zkn-verein.de\/ar\/wp-json\/wp\/v2\/types\/post"}],"author":[{"embeddable":true,"href":"https:\/\/zkn-verein.de\/ar\/wp-json\/wp\/v2\/users\/1"}],"replies":[{"embeddable":true,"href":"https:\/\/zkn-verein.de\/ar\/wp-json\/wp\/v2\/comments?post=9222"}],"version-history":[{"count":1,"href":"https:\/\/zkn-verein.de\/ar\/wp-json\/wp\/v2\/posts\/9222\/revisions"}],"predecessor-version":[{"id":15570,"href":"https:\/\/zkn-verein.de\/ar\/wp-json\/wp\/v2\/posts\/9222\/revisions\/15570"}],"wp:featuredmedia":[{"embeddable":true,"href":"https:\/\/zkn-verein.de\/ar\/wp-json\/wp\/v2\/media\/15568"}],"wp:attachment":[{"href":"https:\/\/zkn-verein.de\/ar\/wp-json\/wp\/v2\/media?parent=9222"}],"wp:term":[{"taxonomy":"category","embeddable":true,"href":"https:\/\/zkn-verein.de\/ar\/wp-json\/wp\/v2\/categories?post=9222"},{"taxonomy":"post_tag","embeddable":true,"href":"https:\/\/zkn-verein.de\/ar\/wp-json\/wp\/v2\/tags?post=9222"}],"curies":[{"name":"wp","href":"https:\/\/api.w.org\/{rel}","templated":true}]}}